{"id":876,"date":"2023-06-13T08:31:39","date_gmt":"2023-06-13T08:31:39","guid":{"rendered":"https:\/\/simec57.fr\/?p=876"},"modified":"2023-06-13T08:33:26","modified_gmt":"2023-06-13T08:33:26","slug":"garde-corps-sur-un-balcon","status":"publish","type":"post","link":"https:\/\/simec57.fr\/?p=876","title":{"rendered":"Garde-corps sur un balcon"},"content":{"rendered":"\n<p>Fabrication et pose d&rsquo;un garde-corps barreaud\u00e9 sur un balcon, \u00e0 Plappeville. <br>Finition : m\u00e9tallisation et thermolaquage gris Ral7016 satin\u00e9.<\/p>\n\n\n\n<p class=\"has-text-align-center\">  <strong>Avant<\/strong><\/p>\n\n\n<div class=\"wp-block-image\">\n<figure class=\"aligncenter size-large is-resized\"><img loading=\"lazy\" decoding=\"async\" src=\"https:\/\/simec57.fr\/wp-content\/uploads\/2023\/06\/20221128_101401-1024x478.jpg\" alt=\"Plapeville garde corps avant\" class=\"wp-image-877\" width=\"512\" height=\"239\" srcset=\"https:\/\/simec57.fr\/wp-content\/uploads\/2023\/06\/20221128_101401-1024x478.jpg 1024w, https:\/\/simec57.fr\/wp-content\/uploads\/2023\/06\/20221128_101401-300x140.jpg 300w, https:\/\/simec57.fr\/wp-content\/uploads\/2023\/06\/20221128_101401-768x359.jpg 768w, https:\/\/simec57.fr\/wp-content\/uploads\/2023\/06\/20221128_101401-1536x717.jpg 1536w, https:\/\/simec57.fr\/wp-content\/uploads\/2023\/06\/20221128_101401-2048x956.jpg 2048w\" sizes=\"auto, (max-width: 512px) 100vw, 512px\" \/><\/figure>\n<\/div>\n\n\n<p class=\"has-text-align-center\"><strong>Apr\u00e8s<\/strong><\/p>\n\n\n<div class=\"wp-block-image\">\n<figure class=\"aligncenter size-large is-resized\"><img loading=\"lazy\" decoding=\"async\" src=\"https:\/\/simec57.fr\/wp-content\/uploads\/2023\/06\/20230608_121704-1024x768.jpg\" alt=\"Garde-corps sur un balcon Plappeville\n\" class=\"wp-image-878\" width=\"512\" height=\"384\" srcset=\"https:\/\/simec57.fr\/wp-content\/uploads\/2023\/06\/20230608_121704-1024x768.jpg 1024w, https:\/\/simec57.fr\/wp-content\/uploads\/2023\/06\/20230608_121704-300x225.jpg 300w, https:\/\/simec57.fr\/wp-content\/uploads\/2023\/06\/20230608_121704-768x576.jpg 768w, https:\/\/simec57.fr\/wp-content\/uploads\/2023\/06\/20230608_121704-1536x1152.jpg 1536w, https:\/\/simec57.fr\/wp-content\/uploads\/2023\/06\/20230608_121704-2048x1536.jpg 2048w\" sizes=\"auto, (max-width: 512px) 100vw, 512px\" \/><\/figure>\n<\/div>\n\n<div class=\"wp-block-image\">\n<figure class=\"aligncenter size-large is-resized\"><img loading=\"lazy\" decoding=\"async\" src=\"https:\/\/simec57.fr\/wp-content\/uploads\/2023\/06\/20230608_121237-768x1024.jpg\" alt=\"Garde-corps sur balcon plappeville\n\" class=\"wp-image-879\" width=\"384\" height=\"512\" srcset=\"https:\/\/simec57.fr\/wp-content\/uploads\/2023\/06\/20230608_121237-768x1024.jpg 768w, https:\/\/simec57.fr\/wp-content\/uploads\/2023\/06\/20230608_121237-225x300.jpg 225w, https:\/\/simec57.fr\/wp-content\/uploads\/2023\/06\/20230608_121237-1152x1536.jpg 1152w, https:\/\/simec57.fr\/wp-content\/uploads\/2023\/06\/20230608_121237-1536x2048.jpg 1536w, https:\/\/simec57.fr\/wp-content\/uploads\/2023\/06\/20230608_121237-scaled.jpg 1920w\" sizes=\"auto, (max-width: 384px) 100vw, 384px\" \/><\/figure>\n<\/div>\n\n\n<p><\/p>\n\n\n\n<p class=\"has-text-align-center\"><em>Un projet,&nbsp;<a href=\"https:\/\/simec57.fr\/?page_id=25\">contactez nous<\/a><\/em><\/p>\n","protected":false},"excerpt":{"rendered":"<p>Fabrication et pose d&rsquo;un garde-corps barreaud\u00e9 sur un balcon, \u00e0 Plappeville. Finition : m\u00e9tallisation et thermolaquage gris Ral7016 satin\u00e9. Avant Apr\u00e8s Un projet,&nbsp;contactez nous<\/p>\n","protected":false},"author":1,"featured_media":0,"comment_status":"open","ping_status":"open","sticky":false,"template":"","format":"standard","meta":{"_sitemap_exclude":false,"_sitemap_priority":"","_sitemap_frequency":"","_monsterinsights_skip_tracking":false,"_monsterinsights_sitenote_active":false,"_monsterinsights_sitenote_note":"","_monsterinsights_sitenote_category":0,"footnotes":""},"categories":[62,120],"tags":[14,167,280,42,17,18,27,60,38,40,279,22,12,278,129,242,52,47,6,45,270,118,75],"class_list":["post-876","post","type-post","status-publish","format-standard","hentry","category-garde-corps-rampes","category-solutions-exterieures","tag-acier","tag-artisan","tag-balcon","tag-barreaude","tag-cloture","tag-fabrication","tag-fermeture","tag-garde-corps","tag-grand-est","tag-installation","tag-metal-2","tag-metz","tag-moselle","tag-plappeville","tag-pose","tag-renovation","tag-securisation-2","tag-serrurerie","tag-simec","tag-simec57","tag-solution-exterieur","tag-terrasse","tag-thermolaque"],"aioseo_notices":[],"_links":{"self":[{"href":"https:\/\/simec57.fr\/index.php?rest_route=\/wp\/v2\/posts\/876","targetHints":{"allow":["GET"]}}],"collection":[{"href":"https:\/\/simec57.fr\/index.php?rest_route=\/wp\/v2\/posts"}],"about":[{"href":"https:\/\/simec57.fr\/index.php?rest_route=\/wp\/v2\/types\/post"}],"author":[{"embeddable":true,"href":"https:\/\/simec57.fr\/index.php?rest_route=\/wp\/v2\/users\/1"}],"replies":[{"embeddable":true,"href":"https:\/\/simec57.fr\/index.php?rest_route=%2Fwp%2Fv2%2Fcomments&post=876"}],"version-history":[{"count":2,"href":"https:\/\/simec57.fr\/index.php?rest_route=\/wp\/v2\/posts\/876\/revisions"}],"predecessor-version":[{"id":882,"href":"https:\/\/simec57.fr\/index.php?rest_route=\/wp\/v2\/posts\/876\/revisions\/882"}],"wp:attachment":[{"href":"https:\/\/simec57.fr\/index.php?rest_route=%2Fwp%2Fv2%2Fmedia&parent=876"}],"wp:term":[{"taxonomy":"category","embeddable":true,"href":"https:\/\/simec57.fr\/index.php?rest_route=%2Fwp%2Fv2%2Fcategories&post=876"},{"taxonomy":"post_tag","embeddable":true,"href":"https:\/\/simec57.fr\/index.php?rest_route=%2Fwp%2Fv2%2Ftags&post=876"}],"curies":[{"name":"wp","href":"https:\/\/api.w.org\/{rel}","templated":true}]}}