{"id":821,"date":"2023-03-21T12:28:30","date_gmt":"2023-03-21T12:28:30","guid":{"rendered":"https:\/\/simec57.fr\/?p=821"},"modified":"2023-03-21T12:31:32","modified_gmt":"2023-03-21T12:31:32","slug":"fabrication-et-installation-de-garde-corps-sur-mesure","status":"publish","type":"post","link":"https:\/\/simec57.fr\/?p=821","title":{"rendered":"Fabrication et installation de garde corps sur mesure"},"content":{"rendered":"\n<p class=\"has-text-align-center\">Fabrication et installation de garde-corps sur mesure, rampants et droit pour s\u00e9curiser l&rsquo;acc\u00e8s \u00e0 la terrasse et \u00e0 la cave. <br>Finition : m\u00e9tallis\u00e9 et thermolaqu\u00e9 RAL7016 <\/p>\n\n\n\n<div class=\"wp-block-group\"><div class=\"wp-block-group__inner-container is-layout-constrained wp-block-group-is-layout-constrained\">\n<div class=\"wp-block-columns is-layout-flex wp-container-core-columns-is-layout-9d6595d7 wp-block-columns-is-layout-flex\">\n<div class=\"wp-block-column is-layout-flow wp-block-column-is-layout-flow\" style=\"flex-basis:100%\"><div class=\"wp-block-image\">\n<figure class=\"aligncenter size-large is-resized\"><img loading=\"lazy\" decoding=\"async\" src=\"https:\/\/simec57.fr\/wp-content\/uploads\/2023\/03\/IMG_E8230-1024x768.jpg\" alt=\"Garde-corps rampant sur mesure\" class=\"wp-image-822\" width=\"512\" height=\"384\" srcset=\"https:\/\/simec57.fr\/wp-content\/uploads\/2023\/03\/IMG_E8230-1024x768.jpg 1024w, https:\/\/simec57.fr\/wp-content\/uploads\/2023\/03\/IMG_E8230-300x225.jpg 300w, https:\/\/simec57.fr\/wp-content\/uploads\/2023\/03\/IMG_E8230-768x576.jpg 768w, https:\/\/simec57.fr\/wp-content\/uploads\/2023\/03\/IMG_E8230-1536x1152.jpg 1536w, https:\/\/simec57.fr\/wp-content\/uploads\/2023\/03\/IMG_E8230-2048x1536.jpg 2048w\" sizes=\"auto, (max-width: 512px) 100vw, 512px\" \/><\/figure>\n<\/div>\n\n<div class=\"wp-block-image\">\n<figure class=\"aligncenter size-large is-resized\"><img loading=\"lazy\" decoding=\"async\" src=\"https:\/\/simec57.fr\/wp-content\/uploads\/2023\/03\/IMG_E8234-2-1024x768.jpg\" alt=\"garde corps escalier et droit\" class=\"wp-image-827\" width=\"512\" height=\"384\" srcset=\"https:\/\/simec57.fr\/wp-content\/uploads\/2023\/03\/IMG_E8234-2-1024x768.jpg 1024w, https:\/\/simec57.fr\/wp-content\/uploads\/2023\/03\/IMG_E8234-2-300x225.jpg 300w, https:\/\/simec57.fr\/wp-content\/uploads\/2023\/03\/IMG_E8234-2-768x576.jpg 768w, https:\/\/simec57.fr\/wp-content\/uploads\/2023\/03\/IMG_E8234-2-1536x1152.jpg 1536w, https:\/\/simec57.fr\/wp-content\/uploads\/2023\/03\/IMG_E8234-2-2048x1536.jpg 2048w\" sizes=\"auto, (max-width: 512px) 100vw, 512px\" \/><\/figure>\n<\/div><\/div>\n<\/div>\n<\/div><\/div>\n\n\n\n<p class=\"has-text-align-center\"><em>Un projet,&nbsp;<a href=\"https:\/\/simec57.fr\/?page_id=25\">contactez nous<\/a><\/em><\/p>\n","protected":false},"excerpt":{"rendered":"<p>Fabrication et installation de garde-corps sur mesure, rampants et droit pour s\u00e9curiser l&rsquo;acc\u00e8s \u00e0 la terrasse et \u00e0 la cave. Finition : m\u00e9tallis\u00e9 et thermolaqu\u00e9 RAL7016 Un projet,&nbsp;contactez nous<\/p>\n","protected":false},"author":1,"featured_media":825,"comment_status":"open","ping_status":"open","sticky":false,"template":"","format":"standard","meta":{"_sitemap_exclude":false,"_sitemap_priority":"","_sitemap_frequency":"","_monsterinsights_skip_tracking":false,"_monsterinsights_sitenote_active":false,"_monsterinsights_sitenote_note":"","_monsterinsights_sitenote_category":0,"footnotes":""},"categories":[189,62,142,120],"tags":[14,131,260,201,262,18,264,233,38,261,40,22,12,129,263,52,47,6,45,7,75,46,133],"class_list":["post-821","post","type-post","status-publish","format-standard","has-post-thumbnail","hentry","category-decorations-exterieur","category-garde-corps-rampes","category-plasma","category-solutions-exterieures","tag-acier","tag-decoupe","tag-droit","tag-escalier","tag-exterieur","tag-fabrication","tag-fleur","tag-garde-corps-2","tag-grand-est","tag-gris","tag-installation","tag-metz","tag-moselle","tag-pose","tag-rampes","tag-securisation-2","tag-serrurerie","tag-simec","tag-simec57","tag-sur-mesure","tag-thermolaque","tag-thionville","tag-tole"],"aioseo_notices":[],"_links":{"self":[{"href":"https:\/\/simec57.fr\/index.php?rest_route=\/wp\/v2\/posts\/821","targetHints":{"allow":["GET"]}}],"collection":[{"href":"https:\/\/simec57.fr\/index.php?rest_route=\/wp\/v2\/posts"}],"about":[{"href":"https:\/\/simec57.fr\/index.php?rest_route=\/wp\/v2\/types\/post"}],"author":[{"embeddable":true,"href":"https:\/\/simec57.fr\/index.php?rest_route=\/wp\/v2\/users\/1"}],"replies":[{"embeddable":true,"href":"https:\/\/simec57.fr\/index.php?rest_route=%2Fwp%2Fv2%2Fcomments&post=821"}],"version-history":[{"count":3,"href":"https:\/\/simec57.fr\/index.php?rest_route=\/wp\/v2\/posts\/821\/revisions"}],"predecessor-version":[{"id":833,"href":"https:\/\/simec57.fr\/index.php?rest_route=\/wp\/v2\/posts\/821\/revisions\/833"}],"wp:featuredmedia":[{"embeddable":true,"href":"https:\/\/simec57.fr\/index.php?rest_route=\/wp\/v2\/media\/825"}],"wp:attachment":[{"href":"https:\/\/simec57.fr\/index.php?rest_route=%2Fwp%2Fv2%2Fmedia&parent=821"}],"wp:term":[{"taxonomy":"category","embeddable":true,"href":"https:\/\/simec57.fr\/index.php?rest_route=%2Fwp%2Fv2%2Fcategories&post=821"},{"taxonomy":"post_tag","embeddable":true,"href":"https:\/\/simec57.fr\/index.php?rest_route=%2Fwp%2Fv2%2Ftags&post=821"}],"curies":[{"name":"wp","href":"https:\/\/api.w.org\/{rel}","templated":true}]}}