{"id":733,"date":"2022-09-20T06:22:22","date_gmt":"2022-09-20T06:22:22","guid":{"rendered":"https:\/\/simec57.fr\/?p=733"},"modified":"2023-03-13T07:35:53","modified_gmt":"2023-03-13T07:35:53","slug":"verriere-pour-un-creer-une-entree","status":"publish","type":"post","link":"https:\/\/simec57.fr\/?p=733","title":{"rendered":"Verri\u00e8re pour un cr\u00e9er une entr\u00e9e"},"content":{"rendered":"\n<p class=\"has-text-align-center\">Fabrication sur mesure d&rsquo;une verri\u00e8re pour d\u00e9limiter l&rsquo;entr\u00e9e de la maison.<\/p>\n\n\n<div class=\"wp-block-image\">\n<figure class=\"aligncenter size-full is-resized\"><img loading=\"lazy\" decoding=\"async\" src=\"https:\/\/simec57.fr\/wp-content\/uploads\/2022\/09\/IMG-20220914-WA0006.jpg\" alt=\"Verri\u00e8re entr\u00e9e\" class=\"wp-image-734\" width=\"576\" height=\"768\" srcset=\"https:\/\/simec57.fr\/wp-content\/uploads\/2022\/09\/IMG-20220914-WA0006.jpg 768w, https:\/\/simec57.fr\/wp-content\/uploads\/2022\/09\/IMG-20220914-WA0006-225x300.jpg 225w\" sizes=\"auto, (max-width: 576px) 100vw, 576px\" \/><\/figure>\n<\/div>\n\n\n<p class=\"has-text-align-center\"><em>Conception, fabrication et pose par J\u00e9r\u00e9mie<\/em><\/p>\n\n\n\n<p class=\"has-text-align-center\"><em>Un projet,&nbsp;<a href=\"https:\/\/simec57.fr\/?page_id=25\">contactez nous<\/a><\/em><\/p>\n","protected":false},"excerpt":{"rendered":"<p>Fabrication sur mesure d&rsquo;une verri\u00e8re pour d\u00e9limiter l&rsquo;entr\u00e9e de la maison. Conception, fabrication et pose par J\u00e9r\u00e9mie Un projet,&nbsp;contactez nous<\/p>\n","protected":false},"author":1,"featured_media":0,"comment_status":"open","ping_status":"open","sticky":false,"template":"","format":"standard","meta":{"_sitemap_exclude":false,"_sitemap_priority":"","_sitemap_frequency":"","_monsterinsights_skip_tracking":false,"_monsterinsights_sitenote_active":false,"_monsterinsights_sitenote_note":"","_monsterinsights_sitenote_category":0,"footnotes":""},"categories":[121,240],"tags":[14,18,38,40,22,12,128,47,6,45,244,7,46,241],"class_list":["post-733","post","type-post","status-publish","format-standard","hentry","category-solutions-interieures","category-verrieres","tag-acier","tag-fabrication","tag-grand-est","tag-installation","tag-metz","tag-moselle","tag-particulier","tag-serrurerie","tag-simec","tag-simec57","tag-solution-interieur","tag-sur-mesure","tag-thionville","tag-verriere"],"aioseo_notices":[],"_links":{"self":[{"href":"https:\/\/simec57.fr\/index.php?rest_route=\/wp\/v2\/posts\/733","targetHints":{"allow":["GET"]}}],"collection":[{"href":"https:\/\/simec57.fr\/index.php?rest_route=\/wp\/v2\/posts"}],"about":[{"href":"https:\/\/simec57.fr\/index.php?rest_route=\/wp\/v2\/types\/post"}],"author":[{"embeddable":true,"href":"https:\/\/simec57.fr\/index.php?rest_route=\/wp\/v2\/users\/1"}],"replies":[{"embeddable":true,"href":"https:\/\/simec57.fr\/index.php?rest_route=%2Fwp%2Fv2%2Fcomments&post=733"}],"version-history":[{"count":3,"href":"https:\/\/simec57.fr\/index.php?rest_route=\/wp\/v2\/posts\/733\/revisions"}],"predecessor-version":[{"id":819,"href":"https:\/\/simec57.fr\/index.php?rest_route=\/wp\/v2\/posts\/733\/revisions\/819"}],"wp:attachment":[{"href":"https:\/\/simec57.fr\/index.php?rest_route=%2Fwp%2Fv2%2Fmedia&parent=733"}],"wp:term":[{"taxonomy":"category","embeddable":true,"href":"https:\/\/simec57.fr\/index.php?rest_route=%2Fwp%2Fv2%2Fcategories&post=733"},{"taxonomy":"post_tag","embeddable":true,"href":"https:\/\/simec57.fr\/index.php?rest_route=%2Fwp%2Fv2%2Ftags&post=733"}],"curies":[{"name":"wp","href":"https:\/\/api.w.org\/{rel}","templated":true}]}}