{"id":712,"date":"2022-09-19T07:28:46","date_gmt":"2022-09-19T07:28:46","guid":{"rendered":"https:\/\/simec57.fr\/?p=712"},"modified":"2022-09-19T07:28:47","modified_gmt":"2022-09-19T07:28:47","slug":"fabrication-et-pose-dune-verriere","status":"publish","type":"post","link":"https:\/\/simec57.fr\/?p=712","title":{"rendered":"Fabrication et pose d&rsquo;une verri\u00e8re"},"content":{"rendered":"\n<p class=\"has-text-align-center\">Pour s\u00e9parer la pi\u00e8ce \u00e0 vivre de l&rsquo;entr\u00e9e, tout en conservant la luminosit\u00e9, l&rsquo;id\u00e9al est la verri\u00e8re.<\/p>\n\n\n<div class=\"wp-block-image\">\n<figure class=\"aligncenter size-full is-resized\"><img loading=\"lazy\" decoding=\"async\" src=\"https:\/\/simec57.fr\/wp-content\/uploads\/2022\/09\/IMG-20220914-WA0002.jpg\" alt=\"Fabrication et pose d'une verri\u00e8re \" class=\"wp-image-713\" width=\"576\" height=\"768\" srcset=\"https:\/\/simec57.fr\/wp-content\/uploads\/2022\/09\/IMG-20220914-WA0002.jpg 768w, https:\/\/simec57.fr\/wp-content\/uploads\/2022\/09\/IMG-20220914-WA0002-225x300.jpg 225w\" sizes=\"auto, (max-width: 576px) 100vw, 576px\" \/><\/figure>\n<\/div>\n\n\n<p class=\"has-text-align-center\">Fabrication et pose d&rsquo;une verri\u00e8re sur mesure, dans une maison en r\u00e9novation.<br><em>Conception, fabrication et pose par J\u00e9r\u00e9mie<\/em><\/p>\n\n\n\n<p class=\"has-text-align-center\"><em>Un projet,\u00a0<a href=\"https:\/\/simec57.fr\/?page_id=25\">contactez nous<\/a><\/em><\/p>\n","protected":false},"excerpt":{"rendered":"<p>Pour s\u00e9parer la pi\u00e8ce \u00e0 vivre de l&rsquo;entr\u00e9e, tout en conservant la luminosit\u00e9, l&rsquo;id\u00e9al est la verri\u00e8re. Fabrication et pose d&rsquo;une verri\u00e8re sur mesure, dans une maison en r\u00e9novation.Conception, fabrication et pose par J\u00e9r\u00e9mie Un projet,\u00a0contactez nous<\/p>\n","protected":false},"author":1,"featured_media":0,"comment_status":"open","ping_status":"open","sticky":false,"template":"","format":"standard","meta":{"_sitemap_exclude":false,"_sitemap_priority":"","_sitemap_frequency":"","_monsterinsights_skip_tracking":false,"_monsterinsights_sitenote_active":false,"_monsterinsights_sitenote_note":"","_monsterinsights_sitenote_category":0,"footnotes":""},"categories":[121,240],"tags":[18,38,40,22,12,128,129,242,47,6,45,7,241],"class_list":["post-712","post","type-post","status-publish","format-standard","hentry","category-solutions-interieures","category-verrieres","tag-fabrication","tag-grand-est","tag-installation","tag-metz","tag-moselle","tag-particulier","tag-pose","tag-renovation","tag-serrurerie","tag-simec","tag-simec57","tag-sur-mesure","tag-verriere"],"aioseo_notices":[],"_links":{"self":[{"href":"https:\/\/simec57.fr\/index.php?rest_route=\/wp\/v2\/posts\/712","targetHints":{"allow":["GET"]}}],"collection":[{"href":"https:\/\/simec57.fr\/index.php?rest_route=\/wp\/v2\/posts"}],"about":[{"href":"https:\/\/simec57.fr\/index.php?rest_route=\/wp\/v2\/types\/post"}],"author":[{"embeddable":true,"href":"https:\/\/simec57.fr\/index.php?rest_route=\/wp\/v2\/users\/1"}],"replies":[{"embeddable":true,"href":"https:\/\/simec57.fr\/index.php?rest_route=%2Fwp%2Fv2%2Fcomments&post=712"}],"version-history":[{"count":1,"href":"https:\/\/simec57.fr\/index.php?rest_route=\/wp\/v2\/posts\/712\/revisions"}],"predecessor-version":[{"id":714,"href":"https:\/\/simec57.fr\/index.php?rest_route=\/wp\/v2\/posts\/712\/revisions\/714"}],"wp:attachment":[{"href":"https:\/\/simec57.fr\/index.php?rest_route=%2Fwp%2Fv2%2Fmedia&parent=712"}],"wp:term":[{"taxonomy":"category","embeddable":true,"href":"https:\/\/simec57.fr\/index.php?rest_route=%2Fwp%2Fv2%2Fcategories&post=712"},{"taxonomy":"post_tag","embeddable":true,"href":"https:\/\/simec57.fr\/index.php?rest_route=%2Fwp%2Fv2%2Ftags&post=712"}],"curies":[{"name":"wp","href":"https:\/\/api.w.org\/{rel}","templated":true}]}}