{"id":454,"date":"2022-08-10T06:54:22","date_gmt":"2022-08-10T06:54:22","guid":{"rendered":"http:\/\/simec57.fr\/?p=454"},"modified":"2022-09-02T06:46:30","modified_gmt":"2022-09-02T06:46:30","slug":"escalier-acier-inox","status":"publish","type":"post","link":"https:\/\/simec57.fr\/?p=454","title":{"rendered":"Fabrication d&rsquo;un escalier acier \/ inox"},"content":{"rendered":"<div class=\"wp-block-image\">\n<figure class=\"aligncenter size-full is-resized\"><img loading=\"lazy\" decoding=\"async\" src=\"https:\/\/simec57.fr\/wp-content\/uploads\/2022\/08\/escalier-acier-inox.jpg\" alt=\"\" class=\"wp-image-455\" width=\"540\" height=\"720\" srcset=\"https:\/\/simec57.fr\/wp-content\/uploads\/2022\/08\/escalier-acier-inox.jpg 720w, https:\/\/simec57.fr\/wp-content\/uploads\/2022\/08\/escalier-acier-inox-225x300.jpg 225w\" sizes=\"auto, (max-width: 540px) 100vw, 540px\" \/><\/figure>\n<\/div>\n\n\n<p class=\"has-text-align-center\">Avec le d\u00e9veloppement de notre secteur particulier, Simec vous accompagne dans vos projet d&rsquo;escalier.<br><em>Conception, r\u00e9alisation et pose par J\u00e9r\u00e9mie!<\/em><\/p>\n\n\n\n<p class=\"has-text-align-center has-small-font-size\"><em><a href=\"https:\/\/simec57.fr\/?cat=203\">#escalier<\/a>s<\/em><\/p>\n","protected":false},"excerpt":{"rendered":"<p>Avec le d\u00e9veloppement de notre secteur particulier, Simec vous accompagne dans vos projet d&rsquo;escalier.Conception, r\u00e9alisation et pose par J\u00e9r\u00e9mie! #escaliers<\/p>\n","protected":false},"author":1,"featured_media":0,"comment_status":"open","ping_status":"open","sticky":false,"template":"","format":"standard","meta":{"_sitemap_exclude":false,"_sitemap_priority":"","_sitemap_frequency":"","_monsterinsights_skip_tracking":false,"_monsterinsights_sitenote_active":false,"_monsterinsights_sitenote_note":"","_monsterinsights_sitenote_category":0,"footnotes":""},"categories":[203,121],"tags":[14,202,200,201,18,38,40,22,12,128,180,129,47,6,45,7],"class_list":["post-454","post","type-post","status-publish","format-standard","hentry","category-escalier","category-solutions-interieures","tag-acier","tag-conception","tag-design","tag-escalier","tag-fabrication","tag-grand-est","tag-installation","tag-metz","tag-moselle","tag-particulier","tag-personnalise","tag-pose","tag-serrurerie","tag-simec","tag-simec57","tag-sur-mesure"],"aioseo_notices":[],"_links":{"self":[{"href":"https:\/\/simec57.fr\/index.php?rest_route=\/wp\/v2\/posts\/454","targetHints":{"allow":["GET"]}}],"collection":[{"href":"https:\/\/simec57.fr\/index.php?rest_route=\/wp\/v2\/posts"}],"about":[{"href":"https:\/\/simec57.fr\/index.php?rest_route=\/wp\/v2\/types\/post"}],"author":[{"embeddable":true,"href":"https:\/\/simec57.fr\/index.php?rest_route=\/wp\/v2\/users\/1"}],"replies":[{"embeddable":true,"href":"https:\/\/simec57.fr\/index.php?rest_route=%2Fwp%2Fv2%2Fcomments&post=454"}],"version-history":[{"count":2,"href":"https:\/\/simec57.fr\/index.php?rest_route=\/wp\/v2\/posts\/454\/revisions"}],"predecessor-version":[{"id":648,"href":"https:\/\/simec57.fr\/index.php?rest_route=\/wp\/v2\/posts\/454\/revisions\/648"}],"wp:attachment":[{"href":"https:\/\/simec57.fr\/index.php?rest_route=%2Fwp%2Fv2%2Fmedia&parent=454"}],"wp:term":[{"taxonomy":"category","embeddable":true,"href":"https:\/\/simec57.fr\/index.php?rest_route=%2Fwp%2Fv2%2Fcategories&post=454"},{"taxonomy":"post_tag","embeddable":true,"href":"https:\/\/simec57.fr\/index.php?rest_route=%2Fwp%2Fv2%2Ftags&post=454"}],"curies":[{"name":"wp","href":"https:\/\/api.w.org\/{rel}","templated":true}]}}